{"id":103,"date":"2009-12-10T11:55:13","date_gmt":"2009-12-10T09:55:13","guid":{"rendered":"http:\/\/Wortbahnhof.blogsport.de\/?p=102"},"modified":"2013-11-16T06:55:13","modified_gmt":"2013-11-16T04:55:13","slug":"101209-traum-von-riss-im-raum-zeit-kontinuum-bzw-dimensionsriss","status":"publish","type":"post","link":"https:\/\/www.wortbahnhof.de\/?p=103","title":{"rendered":"10.12.09 &#8211; Traum von Riss im Raum-Zeit-Kontinuum, bzw. Dimensionsriss"},"content":{"rendered":"<p>Heute tr\u00e4umte ich davon, dass die Mittelerde-Welt in diese Welt eindringen w\u00fcrde. Orks und co w\u00fcrden die Welt \u00fcberfluten und etwas aushecken, aber auch einige Guten sind bei uns. Ich erinnere mich, dass ich auf einem Hausdach bin und wei\u00df, dass jemand B\u00f6ses in der N\u00e4he ist, ich verstecke mich. Es ist Nacht und dunkel, die Person ist da. Sie geht weg, ich folge ihr \u00fcber die D\u00e4cher. Sie entdeckt mich und wir reden miteinander. Sie sagt, dass sie zu dieser Welt geh\u00f6rt, wobei ich sage, dass sie aus einer anderen Welt kommen. &#8230;<br \/>\nIch komme zu meiner alten Grundschule. Ich sehe den B\u00f6sen und einige menschlich aussehende Baumhirten, die wohl Ents darstellen sollen. Wir reden miteinander, der B\u00f6se ist bei den Kinderger\u00e4ten. Die Ents und ich unter dem Vordach, das es heute so nicht mehr gibt. Wir reden miteinander, die Ents haben Angst und wollen gehen und nicht k\u00e4mpfen. Sie zerstreuen sich in 4er- und 5er-Gruppen. Ich fange an ein Lied zu singen:<br \/>\n&#8222;Umso mehr wir sind,<br \/>\numso mehr wir wollen,<br \/>\numso mehr sind wir auch stark&#8220;<br \/>\n&#8230;immer wieder, die 4,5 die verblieben sind, singen es auch und die gehenden Ents werden an ihre Gemeinschaft erinnert. Sie kommen zur\u00fcck und wir freuen uns, wir wissen, dass wir jetzt genug sind um den B\u00f6sen, der mit irgendeiner gro\u00dfen Kreatur immernoch an den Kinderspielger\u00e4ten steht, schlagen zu k\u00f6nnen.<br \/>\nWir singen und singen und dann klingelt der Wecker.<\/p>\n","protected":false},"excerpt":{"rendered":"<p>Heute tr\u00e4umte ich davon, dass die Mittelerde-Welt in diese Welt eindringen w\u00fcrde. Orks und co w\u00fcrden die Welt \u00fcberfluten und etwas aushecken, aber auch einige Guten sind bei uns. Ich erinnere mich, dass ich auf einem Hausdach bin und wei\u00df, dass jemand B\u00f6ses in der N\u00e4he ist, ich verstecke mich. Es ist Nacht und dunkel, [&hellip;]<\/p>\n","protected":false},"author":1,"featured_media":0,"comment_status":"open","ping_status":"open","sticky":false,"template":"","format":"standard","meta":{"footnotes":""},"categories":[1,3],"tags":[],"class_list":["post-103","post","type-post","status-publish","format-standard","hentry","category-allgemein","category-traeume"],"_links":{"self":[{"href":"https:\/\/www.wortbahnhof.de\/index.php?rest_route=\/wp\/v2\/posts\/103","targetHints":{"allow":["GET"]}}],"collection":[{"href":"https:\/\/www.wortbahnhof.de\/index.php?rest_route=\/wp\/v2\/posts"}],"about":[{"href":"https:\/\/www.wortbahnhof.de\/index.php?rest_route=\/wp\/v2\/types\/post"}],"author":[{"embeddable":true,"href":"https:\/\/www.wortbahnhof.de\/index.php?rest_route=\/wp\/v2\/users\/1"}],"replies":[{"embeddable":true,"href":"https:\/\/www.wortbahnhof.de\/index.php?rest_route=%2Fwp%2Fv2%2Fcomments&post=103"}],"version-history":[{"count":1,"href":"https:\/\/www.wortbahnhof.de\/index.php?rest_route=\/wp\/v2\/posts\/103\/revisions"}],"predecessor-version":[{"id":195,"href":"https:\/\/www.wortbahnhof.de\/index.php?rest_route=\/wp\/v2\/posts\/103\/revisions\/195"}],"wp:attachment":[{"href":"https:\/\/www.wortbahnhof.de\/index.php?rest_route=%2Fwp%2Fv2%2Fmedia&parent=103"}],"wp:term":[{"taxonomy":"category","embeddable":true,"href":"https:\/\/www.wortbahnhof.de\/index.php?rest_route=%2Fwp%2Fv2%2Fcategories&post=103"},{"taxonomy":"post_tag","embeddable":true,"href":"https:\/\/www.wortbahnhof.de\/index.php?rest_route=%2Fwp%2Fv2%2Ftags&post=103"}],"curies":[{"name":"wp","href":"https:\/\/api.w.org\/{rel}","templated":true}]}}